{"id":14725,"date":"2026-02-11T14:25:18","date_gmt":"2026-02-11T14:25:18","guid":{"rendered":"https:\/\/adfi-ci.org\/?p=14725"},"modified":"2026-02-12T11:06:42","modified_gmt":"2026-02-12T11:06:42","slug":"cdcb-presidency","status":"publish","type":"post","link":"https:\/\/adfi-ci.org\/fr\/cdcb-presidency\/","title":{"rendered":"Une pr\u00e9sidence pour renforcer l\u2019innovation et l\u2019efficacit\u00e9 collective des Caisses de D\u00e9p\u00f4t\u00a0"},"content":{"rendered":"<figure class=\"wp-block-image aligncenter size-full\"><img fetchpriority=\"high\" decoding=\"async\" width=\"2560\" height=\"1051\" src=\"https:\/\/i0.wp.com\/adfi-ci.org\/wp-content\/uploads\/2026\/02\/5-ans-de-la-CDC-Benin_2-scaled.jpg?fit=2560%2C1051&amp;ssl=1\" alt=\"\" class=\"wp-image-14732\" srcset=\"https:\/\/i0.wp.com\/adfi-ci.org\/wp-content\/uploads\/2026\/02\/5-ans-de-la-CDC-Benin_2-scaled.jpg?w=2560&amp;ssl=1 2560w, https:\/\/i0.wp.com\/adfi-ci.org\/wp-content\/uploads\/2026\/02\/5-ans-de-la-CDC-Benin_2-scaled.jpg?resize=300%2C123&amp;ssl=1 300w, https:\/\/i0.wp.com\/adfi-ci.org\/wp-content\/uploads\/2026\/02\/5-ans-de-la-CDC-Benin_2-scaled.jpg?resize=1024%2C420&amp;ssl=1 1024w, https:\/\/i0.wp.com\/adfi-ci.org\/wp-content\/uploads\/2026\/02\/5-ans-de-la-CDC-Benin_2-scaled.jpg?resize=768%2C315&amp;ssl=1 768w, https:\/\/i0.wp.com\/adfi-ci.org\/wp-content\/uploads\/2026\/02\/5-ans-de-la-CDC-Benin_2-scaled.jpg?resize=1536%2C631&amp;ssl=1 1536w, https:\/\/i0.wp.com\/adfi-ci.org\/wp-content\/uploads\/2026\/02\/5-ans-de-la-CDC-Benin_2-scaled.jpg?resize=2048%2C841&amp;ssl=1 2048w, https:\/\/i0.wp.com\/adfi-ci.org\/wp-content\/uploads\/2026\/02\/5-ans-de-la-CDC-Benin_2-scaled.jpg?resize=18%2C7&amp;ssl=1 18w, https:\/\/i0.wp.com\/adfi-ci.org\/wp-content\/uploads\/2026\/02\/5-ans-de-la-CDC-Benin_2-scaled.jpg?resize=600%2C246&amp;ssl=1 600w\" sizes=\"(max-width: 1000px) 100vw, 1000px\" \/><\/figure>\n\n\n\n<p class=\"\">Les membres du Forum des Caisses de D\u00e9p\u00f4t se sont r\u00e9unis \u00e0 Nouakchott (Mauritanie) les 2 et 3 d\u00e9cembre 2025, \u00e0 l\u2019occasion de leur conf\u00e9rence biannuelle. Cette rencontre a permis de dresser le bilan des activit\u00e9s du Forum, de cl\u00f4turer le mandat de la Caisse des D\u00e9p\u00f4ts et de D\u00e9veloppement de Mauritanie et d\u2019officialiser le d\u00e9marrage de la pr\u00e9sidence de la Caisse des D\u00e9p\u00f4ts et Consignations du B\u00e9nin.&nbsp;<\/p>\n\n\n\n<p class=\"\">Dans son discours de prise de fonction, la Directrice G\u00e9n\u00e9rale de la CDC B\u00e9nin a salu\u00e9 le leadership et le dynamisme de la CDD Mauritanie, tout en r\u00e9affirmant l\u2019engagement de la CDC B\u00e9nin \u00e0 poursuivre et amplifier la dynamique collective engag\u00e9e. Le mandat 2026\u20132028 s\u2019articulera autour de cinq axes strat\u00e9giques, portant notamment sur la transformation des Caisses de D\u00e9p\u00f4t pour un impact \u00e9conomique durable, le renforcement de la coop\u00e9ration technique et financi\u00e8re, le d\u00e9veloppement d\u2019instruments financiers communs adapt\u00e9s aux r\u00e9alit\u00e9s nationales, ainsi que la promotion de la RSE, de l\u2019\u00e9galit\u00e9 de genre et du leadership f\u00e9minin.&nbsp;<\/p>\n\n\n\n<p class=\"\">La nouvelle pr\u00e9sidence entend \u00e9galement structurer davantage le Forum \u00e0 travers des outils de coordination, de capitalisation et de suivi, afin de renforcer l\u2019efficacit\u00e9 collective et de positionner les Caisses de D\u00e9p\u00f4t comme des acteurs cl\u00e9s des transitions climatiques et \u00e9conomiques au sein de l\u2019\u00e9cosyst\u00e8me de la finance durable.&nbsp;<\/p>\n\n\n\n<p class=\"\">Cette pr\u00e9sidence constitue une reconnaissance du r\u00f4le croissant de la CDC B\u00e9nin et du rayonnement international de la transformation impuls\u00e9e par les autorit\u00e9s b\u00e9ninoises, au service d\u2019une action collective renforc\u00e9e entre institutions s\u0153urs.&nbsp;<\/p>\n\n\n\n<p class=\"\">&nbsp;<\/p>\n\n\n\n<style type=\"text\/css\">\n\n.wp-block-file a.wp-block-file__button {\n    text-decoration: none;\n    display: table;\n    line-height: 1.8;\n    font-size: 0.88889em;\n    font-weight: bold;\n    background-color: #0073aa;\n    border-radius: 5px;\n}\n<\/style>\n\n\n\n<p class=\"\"><\/p>","protected":false},"excerpt":{"rendered":"<p>The Global Sustainable Finance Conference stays focused on addressing systemic issues and highlights a big-picture perspective.<\/p>","protected":false},"author":1,"featured_media":0,"comment_status":"closed","ping_status":"closed","sticky":false,"template":"","format":"standard","meta":{"_acf_changed":false,"nf_dc_page":"","_eb_attr":"","_monsterinsights_skip_tracking":false,"_monsterinsights_sitenote_active":false,"_monsterinsights_sitenote_note":"","_monsterinsights_sitenote_category":0,"_uf_show_specific_survey":0,"_uf_disable_surveys":false,"site-sidebar-layout":"default","site-content-layout":"","ast-site-content-layout":"default","site-content-style":"default","site-sidebar-style":"default","ast-global-header-display":"","ast-banner-title-visibility":"","ast-main-header-display":"","ast-hfb-above-header-display":"","ast-hfb-below-header-display":"","ast-hfb-mobile-header-display":"","site-post-title":"","ast-breadcrumbs-content":"","ast-featured-img":"disabled","footer-sml-layout":"","ast-disable-related-posts":"","theme-transparent-header-meta":"","adv-header-id-meta":"","stick-header-meta":"","header-above-stick-meta":"","header-main-stick-meta":"","header-below-stick-meta":"","astra-migrate-meta-layouts":"set","ast-page-background-enabled":"default","ast-page-background-meta":{"desktop":{"background-color":"var(--ast-global-color-4)","background-image":"","background-repeat":"repeat","background-position":"center center","background-size":"auto","background-attachment":"scroll","background-type":"","background-media":"","overlay-type":"","overlay-color":"","overlay-opacity":"","overlay-gradient":""},"tablet":{"background-color":"","background-image":"","background-repeat":"repeat","background-position":"center center","background-size":"auto","background-attachment":"scroll","background-type":"","background-media":"","overlay-type":"","overlay-color":"","overlay-opacity":"","overlay-gradient":""},"mobile":{"background-color":"","background-image":"","background-repeat":"repeat","background-position":"center center","background-size":"auto","background-attachment":"scroll","background-type":"","background-media":"","overlay-type":"","overlay-color":"","overlay-opacity":"","overlay-gradient":""}},"ast-content-background-meta":{"desktop":{"background-color":"var(--ast-global-color-5)","background-image":"","background-repeat":"repeat","background-position":"center center","background-size":"auto","background-attachment":"scroll","background-type":"","background-media":"","overlay-type":"","overlay-color":"","overlay-opacity":"","overlay-gradient":""},"tablet":{"background-color":"var(--ast-global-color-5)","background-image":"","background-repeat":"repeat","background-position":"center center","background-size":"auto","background-attachment":"scroll","background-type":"","background-media":"","overlay-type":"","overlay-color":"","overlay-opacity":"","overlay-gradient":""},"mobile":{"background-color":"var(--ast-global-color-5)","background-image":"","background-repeat":"repeat","background-position":"center center","background-size":"auto","background-attachment":"scroll","background-type":"","background-media":"","overlay-type":"","overlay-color":"","overlay-opacity":"","overlay-gradient":""}},"two_page_speed":[],"_jetpack_memberships_contains_paid_content":false,"footnotes":""},"categories":[56],"tags":[],"class_list":["post-14725","post","type-post","status-publish","format-standard","hentry","category-newsletters"],"acf":[],"aioseo_notices":[],"jetpack_featured_media_url":"","jetpack_sharing_enabled":true,"rttpg_featured_image_url":null,"rttpg_author":{"display_name":"AdmAADFI","author_link":"https:\/\/adfi-ci.org\/fr\/author\/admaadfi\/"},"rttpg_comment":0,"rttpg_category":"<a href=\"https:\/\/adfi-ci.org\/fr\/category\/newsletters\/\" rel=\"category tag\">Newsletters<\/a>","rttpg_excerpt":"The Global Sustainable Finance Conference stays focused on addressing systemic issues and highlights a big-picture perspective.","_links":{"self":[{"href":"https:\/\/adfi-ci.org\/fr\/wp-json\/wp\/v2\/posts\/14725","targetHints":{"allow":["GET"]}}],"collection":[{"href":"https:\/\/adfi-ci.org\/fr\/wp-json\/wp\/v2\/posts"}],"about":[{"href":"https:\/\/adfi-ci.org\/fr\/wp-json\/wp\/v2\/types\/post"}],"author":[{"embeddable":true,"href":"https:\/\/adfi-ci.org\/fr\/wp-json\/wp\/v2\/users\/1"}],"replies":[{"embeddable":true,"href":"https:\/\/adfi-ci.org\/fr\/wp-json\/wp\/v2\/comments?post=14725"}],"version-history":[{"count":4,"href":"https:\/\/adfi-ci.org\/fr\/wp-json\/wp\/v2\/posts\/14725\/revisions"}],"predecessor-version":[{"id":14806,"href":"https:\/\/adfi-ci.org\/fr\/wp-json\/wp\/v2\/posts\/14725\/revisions\/14806"}],"wp:attachment":[{"href":"https:\/\/adfi-ci.org\/fr\/wp-json\/wp\/v2\/media?parent=14725"}],"wp:term":[{"taxonomy":"category","embeddable":true,"href":"https:\/\/adfi-ci.org\/fr\/wp-json\/wp\/v2\/categories?post=14725"},{"taxonomy":"post_tag","embeddable":true,"href":"https:\/\/adfi-ci.org\/fr\/wp-json\/wp\/v2\/tags?post=14725"}],"curies":[{"name":"wp","href":"https:\/\/api.w.org\/{rel}","templated":true}]}}