{"id":14736,"date":"2026-02-11T14:52:07","date_gmt":"2026-02-11T14:52:07","guid":{"rendered":"https:\/\/adfi-ci.org\/?p=14736"},"modified":"2026-02-12T11:18:15","modified_gmt":"2026-02-12T11:18:15","slug":"cinq-ans-dexistence-de-la-vision-a-limpact","status":"publish","type":"post","link":"https:\/\/adfi-ci.org\/fr\/cinq-ans-dexistence-de-la-vision-a-limpact\/","title":{"rendered":"Cinq ans d\u2019existence : de la vision \u00e0 l\u2019impact\u00a0"},"content":{"rendered":"<figure class=\"wp-block-image aligncenter size-full\"><img fetchpriority=\"high\" decoding=\"async\" width=\"1000\" height=\"667\" src=\"https:\/\/i0.wp.com\/adfi-ci.org\/wp-content\/uploads\/2026\/02\/5-ans-de-la-CDC-Benin_1.jpg?fit=1000%2C667&amp;ssl=1\" alt=\"\" class=\"wp-image-14811\" srcset=\"https:\/\/i0.wp.com\/adfi-ci.org\/wp-content\/uploads\/2026\/02\/5-ans-de-la-CDC-Benin_1.jpg?w=1000&amp;ssl=1 1000w, https:\/\/i0.wp.com\/adfi-ci.org\/wp-content\/uploads\/2026\/02\/5-ans-de-la-CDC-Benin_1.jpg?resize=300%2C200&amp;ssl=1 300w, https:\/\/i0.wp.com\/adfi-ci.org\/wp-content\/uploads\/2026\/02\/5-ans-de-la-CDC-Benin_1.jpg?resize=768%2C512&amp;ssl=1 768w, https:\/\/i0.wp.com\/adfi-ci.org\/wp-content\/uploads\/2026\/02\/5-ans-de-la-CDC-Benin_1.jpg?resize=18%2C12&amp;ssl=1 18w, https:\/\/i0.wp.com\/adfi-ci.org\/wp-content\/uploads\/2026\/02\/5-ans-de-la-CDC-Benin_1.jpg?resize=600%2C400&amp;ssl=1 600w\" sizes=\"(max-width: 1000px) 100vw, 1000px\" \/><\/figure>\n\n\n\n<p class=\"\">Cr\u00e9\u00e9e en 2018 et op\u00e9rationnalis\u00e9e en 2020, la Caisse des D\u00e9p\u00f4ts et Consignations du B\u00e9nin a c\u00e9l\u00e9br\u00e9, en 2025, ses cinq ann\u00e9es d\u2019existence. Le bilan de ce premier quinquennat a \u00e9t\u00e9 pr\u00e9sent\u00e9 lors du\u202f<strong>\u00ab CDC B\u00e9nin Talk \u00bb<\/strong>, organis\u00e9 le 18 d\u00e9cembre 2025.&nbsp;<\/p>\n\n\n\n<p class=\"\">\u00c0 cette occasion, la Directrice G\u00e9n\u00e9rale a rappel\u00e9 que la CDC B\u00e9nin est n\u00e9e de la volont\u00e9 du Gouvernement de doter le pays d\u2019un instrument cr\u00e9dible et p\u00e9renne, charg\u00e9 de mobiliser l\u2019\u00e9pargne nationale et de l\u2019orienter vers le financement \u00e0 long terme de la transformation \u00e9conomique. Forte d\u2019une gouvernance solide, l\u2019institution a consacr\u00e9 ses premi\u00e8res ann\u00e9es \u00e0 la mobilisation de ressources, au financement de projets structurants et \u00e0 la cr\u00e9ation d\u2019un impact tangible au b\u00e9n\u00e9fice des collectivit\u00e9s locales et des citoyens.&nbsp;<\/p>\n\n\n\n<p class=\"\">Dans une logique de projection, les \u00e9changes ont \u00e9galement port\u00e9 sur la n\u00e9cessit\u00e9 de renforcer les passerelles entre anciennes et nouvelles g\u00e9n\u00e9rations d\u2019entrepreneurs, soulignant le r\u00f4le de la CDC B\u00e9nin comme facilitateur et interface strat\u00e9gique au sein de l\u2019\u00e9cosyst\u00e8me entrepreneurial. Les participants ont notamment b\u00e9n\u00e9fici\u00e9 d\u2019une&nbsp;keynote&nbsp;sur la croissance diversifi\u00e9e des entreprises et des groupes, anim\u00e9e par R\u00e9gis&nbsp;Facia, Directeur G\u00e9n\u00e9ral de TOP CHRONO et Premier Vice-Pr\u00e9sident du Patronat, avec la contribution de Idrissa&nbsp;Nassa, fondateur du groupe CORIS Bank.&nbsp;<\/p>\n\n\n\n<p class=\"\">Port\u00e9e par le soutien de sa tutelle, de son Conseil d\u2019administration et de ses partenaires, la CDC B\u00e9nin ouvre d\u00e9sormais un nouveau chapitre ax\u00e9 sur l\u2019amplification de ses actions et le renforcement de son rayonnement \u00e0 l\u2019international. En tant qu\u2019acteur cl\u00e9 du financement du long terme, elle poursuivra ses efforts pour structurer le march\u00e9 de l\u2019equity&nbsp;et accompagner les PME, au service d\u2019un d\u00e9veloppement durable, inclusif et \u00e0 fort impact.&nbsp;<\/p>\n\n\n\n<figure class=\"wp-block-image aligncenter size-full\"><img decoding=\"async\" width=\"1000\" height=\"411\" src=\"https:\/\/i0.wp.com\/adfi-ci.org\/wp-content\/uploads\/2026\/02\/5-ans-de-la-CDC-Benin_2-1.jpg?fit=1000%2C411&amp;ssl=1\" alt=\"\" class=\"wp-image-14812\" srcset=\"https:\/\/i0.wp.com\/adfi-ci.org\/wp-content\/uploads\/2026\/02\/5-ans-de-la-CDC-Benin_2-1.jpg?w=1000&amp;ssl=1 1000w, https:\/\/i0.wp.com\/adfi-ci.org\/wp-content\/uploads\/2026\/02\/5-ans-de-la-CDC-Benin_2-1.jpg?resize=300%2C123&amp;ssl=1 300w, https:\/\/i0.wp.com\/adfi-ci.org\/wp-content\/uploads\/2026\/02\/5-ans-de-la-CDC-Benin_2-1.jpg?resize=768%2C316&amp;ssl=1 768w, https:\/\/i0.wp.com\/adfi-ci.org\/wp-content\/uploads\/2026\/02\/5-ans-de-la-CDC-Benin_2-1.jpg?resize=18%2C7&amp;ssl=1 18w, https:\/\/i0.wp.com\/adfi-ci.org\/wp-content\/uploads\/2026\/02\/5-ans-de-la-CDC-Benin_2-1.jpg?resize=600%2C247&amp;ssl=1 600w\" sizes=\"(max-width: 1000px) 100vw, 1000px\" \/><\/figure>\n\n\n\n<p class=\"\">&nbsp;<\/p>\n\n\n\n<style type=\"text\/css\">\n\n.wp-block-file a.wp-block-file__button {\n    text-decoration: none;\n    display: table;\n    line-height: 1.8;\n    font-size: 0.88889em;\n    font-weight: bold;\n    background-color: #0073aa;\n    border-radius: 5px;\n}\n<\/style>\n\n\n\n<p class=\"\"><\/p>","protected":false},"excerpt":{"rendered":"<p>The Global Sustainable Finance Conference stays focused on addressing systemic issues and highlights a big-picture perspective.<\/p>","protected":false},"author":1,"featured_media":0,"comment_status":"closed","ping_status":"closed","sticky":false,"template":"","format":"standard","meta":{"_acf_changed":false,"_eb_attr":"","_monsterinsights_skip_tracking":false,"_monsterinsights_sitenote_active":false,"_monsterinsights_sitenote_note":"","_monsterinsights_sitenote_category":0,"_uf_show_specific_survey":0,"_uf_disable_surveys":false,"site-sidebar-layout":"default","site-content-layout":"","ast-site-content-layout":"default","site-content-style":"default","site-sidebar-style":"default","ast-global-header-display":"","ast-banner-title-visibility":"","ast-main-header-display":"","ast-hfb-above-header-display":"","ast-hfb-below-header-display":"","ast-hfb-mobile-header-display":"","site-post-title":"","ast-breadcrumbs-content":"","ast-featured-img":"disabled","footer-sml-layout":"","ast-disable-related-posts":"","theme-transparent-header-meta":"","adv-header-id-meta":"","stick-header-meta":"","header-above-stick-meta":"","header-main-stick-meta":"","header-below-stick-meta":"","astra-migrate-meta-layouts":"set","ast-page-background-enabled":"default","ast-page-background-meta":{"desktop":{"background-color":"var(--ast-global-color-4)","background-image":"","background-repeat":"repeat","background-position":"center center","background-size":"auto","background-attachment":"scroll","background-type":"","background-media":"","overlay-type":"","overlay-color":"","overlay-opacity":"","overlay-gradient":""},"tablet":{"background-color":"","background-image":"","background-repeat":"repeat","background-position":"center center","background-size":"auto","background-attachment":"scroll","background-type":"","background-media":"","overlay-type":"","overlay-color":"","overlay-opacity":"","overlay-gradient":""},"mobile":{"background-color":"","background-image":"","background-repeat":"repeat","background-position":"center center","background-size":"auto","background-attachment":"scroll","background-type":"","background-media":"","overlay-type":"","overlay-color":"","overlay-opacity":"","overlay-gradient":""}},"ast-content-background-meta":{"desktop":{"background-color":"var(--ast-global-color-5)","background-image":"","background-repeat":"repeat","background-position":"center center","background-size":"auto","background-attachment":"scroll","background-type":"","background-media":"","overlay-type":"","overlay-color":"","overlay-opacity":"","overlay-gradient":""},"tablet":{"background-color":"var(--ast-global-color-5)","background-image":"","background-repeat":"repeat","background-position":"center center","background-size":"auto","background-attachment":"scroll","background-type":"","background-media":"","overlay-type":"","overlay-color":"","overlay-opacity":"","overlay-gradient":""},"mobile":{"background-color":"var(--ast-global-color-5)","background-image":"","background-repeat":"repeat","background-position":"center center","background-size":"auto","background-attachment":"scroll","background-type":"","background-media":"","overlay-type":"","overlay-color":"","overlay-opacity":"","overlay-gradient":""}},"two_page_speed":[],"_jetpack_memberships_contains_paid_content":false,"footnotes":""},"categories":[56],"tags":[],"class_list":["post-14736","post","type-post","status-publish","format-standard","hentry","category-newsletters"],"acf":[],"aioseo_notices":[],"jetpack_featured_media_url":"","jetpack_sharing_enabled":true,"rttpg_featured_image_url":null,"rttpg_author":{"display_name":"AdmAADFI","author_link":"https:\/\/adfi-ci.org\/fr\/author\/admaadfi\/"},"rttpg_comment":0,"rttpg_category":"<a href=\"https:\/\/adfi-ci.org\/fr\/category\/newsletters\/\" rel=\"category tag\">Newsletters<\/a>","rttpg_excerpt":"The Global Sustainable Finance Conference stays focused on addressing systemic issues and highlights a big-picture perspective.","_links":{"self":[{"href":"https:\/\/adfi-ci.org\/fr\/wp-json\/wp\/v2\/posts\/14736","targetHints":{"allow":["GET"]}}],"collection":[{"href":"https:\/\/adfi-ci.org\/fr\/wp-json\/wp\/v2\/posts"}],"about":[{"href":"https:\/\/adfi-ci.org\/fr\/wp-json\/wp\/v2\/types\/post"}],"author":[{"embeddable":true,"href":"https:\/\/adfi-ci.org\/fr\/wp-json\/wp\/v2\/users\/1"}],"replies":[{"embeddable":true,"href":"https:\/\/adfi-ci.org\/fr\/wp-json\/wp\/v2\/comments?post=14736"}],"version-history":[{"count":2,"href":"https:\/\/adfi-ci.org\/fr\/wp-json\/wp\/v2\/posts\/14736\/revisions"}],"predecessor-version":[{"id":14813,"href":"https:\/\/adfi-ci.org\/fr\/wp-json\/wp\/v2\/posts\/14736\/revisions\/14813"}],"wp:attachment":[{"href":"https:\/\/adfi-ci.org\/fr\/wp-json\/wp\/v2\/media?parent=14736"}],"wp:term":[{"taxonomy":"category","embeddable":true,"href":"https:\/\/adfi-ci.org\/fr\/wp-json\/wp\/v2\/categories?post=14736"},{"taxonomy":"post_tag","embeddable":true,"href":"https:\/\/adfi-ci.org\/fr\/wp-json\/wp\/v2\/tags?post=14736"}],"curies":[{"name":"wp","href":"https:\/\/api.w.org\/{rel}","templated":true}]}}