{"id":2235,"date":"2021-03-31T10:28:50","date_gmt":"2021-03-31T10:28:50","guid":{"rendered":"http:\/\/adfi-ci.org\/?p=2235"},"modified":"2021-03-31T10:28:50","modified_gmt":"2021-03-31T10:28:50","slug":"conference-verte-de-haut-niveau-le-16-avril-2021","status":"publish","type":"post","link":"https:\/\/adfi-ci.org\/fr\/conference-verte-de-haut-niveau-le-16-avril-2021\/","title":{"rendered":"Conf\u00e9rence verte de haut niveau le 16 avril 2021"},"content":{"rendered":"<p class=\"has-very-dark-black-color has-text-color\">Le discours vert de haut niveau s&#8217;inscrit dans la s\u00e9rie des discussions vertes organis\u00e9es par la&nbsp;<strong>pr\u00e9sidence portugaise du Conseil europ\u00e9en et aura lieu le 16 avril 2021<\/strong>&nbsp;.&nbsp;L&#8217;\u00e9v\u00e9nement sera le point culminant de ce roadshow comme conclusion de l&#8217;initiative.&nbsp;Il consistera en une table ronde entre des repr\u00e9sentants de haut niveau des commissions de l&#8217;UE et de l&#8217;UA, des repr\u00e9sentants de niveau minist\u00e9riel d&#8217;Afrique et des \u00c9tats membres de l&#8217;UE, ainsi que des repr\u00e9sentants et PDG d&#8217;entreprises de l&#8217;UE et d&#8217;Afrique.<\/p>\n\n\n\n<p class=\"has-very-dark-black-color has-text-color\">En plus de ce Green Talk de haut niveau, une&nbsp;<strong><em>place de march\u00e9 num\u00e9rique virtuelle sur l&#8217;\u00e9nergie verte<\/em><\/strong>&nbsp;sera organis\u00e9e les 22 et 23 avril 2021 en marge du Forum vert portugais&nbsp;<strong>.&nbsp;Cette place de march\u00e9 num\u00e9rique cr\u00e9era un lieu pour les entreprises, institutions et organisations commerciales africaines et europ\u00e9ennes impliqu\u00e9es et \/ ou int\u00e9ress\u00e9es par l&#8217;\u00e9nergie verte<\/strong>&nbsp;pour se rencontrer, \u00e9changer en r\u00e9seau et partager des id\u00e9es, des technologies et encourager&nbsp;<strong>la construction de partenariats potentiels et de partenariats dans le secteur vert. secteur \u00e9nerg\u00e9tique.<\/strong><\/p>\n\n\n\n<p class=\"has-very-dark-black-color has-text-color\"><strong><u>La place de march\u00e9 r\u00e9unira des participants et des exposants des cat\u00e9gories suivantes:<\/u><\/strong><\/p>\n\n\n\n<ul class=\"wp-block-list\"><li>Acteurs institutionnels de d\u00e9veloppement europ\u00e9ens et africains (par exemple BEI, BAD, agences de d\u00e9veloppement et autres banques de d\u00e9veloppement) impliqu\u00e9s dans des projets d&#8217;\u00e9nergie verte en Afrique<\/li><li>Institutions financi\u00e8res commerciales int\u00e9ress\u00e9es \u00e0 soutenir \/ investir dans des projets d&#8217;\u00e9nergie durable en Afrique;<\/li><li>Entreprises, associations ou consortiums africains et europ\u00e9ens pr\u00e9sentant des projets d&#8217;\u00e9nergie durable sp\u00e9cifiques et \/ ou l&#8217;application de technologies vertes dans leurs processus ou cherchant \u00e0 obtenir un financement, un transfert de technologie ou une expertise en \u00e9nergie durable;<\/li><li>Organisations du secteur priv\u00e9 (par exemple BusinessEurope, African Business Council\u2026), pr\u00e9sentant des projets d&#8217;\u00e9nergie verte, de nouvelles technologies et des initiatives;<\/li><li>Projets de l&#8217;UE et des \u00c9tats membres (par exemple GetInvest, ElectriFI, mixage et garanties au titre du FEDD);<\/li><li>Initiatives africaines impliqu\u00e9es dans des projets d&#8217;\u00e9nergie durable (par exemple, Africa Renewable Energy Initiative, RCREEE, ECREEE)<\/li><li>Des cabinets de conseil (avocats, bureaux d&#8217;\u00e9tudes, etc.), avec une expertise sp\u00e9cifique sur l&#8217;\u00e9nergie durable et la transition \u00e9nerg\u00e9tique;<\/li><\/ul>\n\n\n\n<p class=\"has-very-dark-black-color has-text-color\">Tous les participants \u00e0 la conf\u00e9rence verte de haut niveau seront \u00e9galement automatiquement invit\u00e9s sur le march\u00e9.<\/p>\n\n\n\n<p class=\"has-very-dark-black-color has-text-color\">Le march\u00e9 virtuel sera g\u00e9r\u00e9 par Downtown Europe et aliment\u00e9 par Swapcard, une plate-forme d&#8217;engagement et de matchmaking pour les \u00e9v\u00e9nements.&nbsp;Les participants inscrits, exposants, prestataires de services, etc. op\u00e9rant dans le domaine du secteur &#8220; \u00e9nergie verte &#8221; ou du secteur connexe seront libres d&#8217;entrer sur la plateforme et de se connecter via diff\u00e9rents outils, \u00e0 savoir des stands virtuels, des plateformes B2B, B2G, G2G.<\/p>\n\n\n\n<p class=\"has-very-dark-black-color has-text-color\">La place de march\u00e9 offrira des fonctions de recherche permettant aux participants de naviguer sur la plateforme \u00e0 la recherche d&#8217;informations, de partenaires, etc. \u00e0 volont\u00e9.&nbsp;Les participants pourront s&#8217;inscrire via la plateforme, prendre des engagements, faire des correspondances, etc. Il offrira \u00e9galement un outil de messagerie int\u00e9gr\u00e9, qui permettra aux participants de r\u00e9seauter, d&#8217;\u00e9changer des informations et d&#8217;organiser des r\u00e9unions et des \u00e9v\u00e9nements.<\/p>\n\n\n\n<p class=\"has-very-dark-black-color has-text-color\">Afin d&#8217;aider les participants \u00e0 profiter pleinement et \u00e0 naviguer de mani\u00e8re transparente sur la plateforme, un Helpdesk en ligne sera mis en place, avec une assistance en temps r\u00e9el.<\/p>\n\n\n\n<p class=\"has-very-dark-black-color has-text-color\">Des directives g\u00e9n\u00e9rales pour les participants et les exposants, y compris des vid\u00e9os d&#8217;auto-assistance, seront mises \u00e0 disposition, ainsi que des sessions de formation pratique pour les organisations professionnelles et les sponsors.&nbsp;<\/p>\n\n\n\n<p class=\"has-very-dark-black-color has-text-color\">La place de march\u00e9 sera facilement accessible sur le Web ou via une application sur mesure con\u00e7ue pour les smartphones et les ordinateurs portables et con\u00e7ue pour faciliter l&#8217;acc\u00e8s m\u00eame pour les participants ayant une faible capacit\u00e9 de bande passante.<\/p>\n\n\n\n<p class=\"has-very-dark-black-color has-text-color\"><strong><em><u>Les participants auront acc\u00e8s aux outils en ligne suivants, qui seront h\u00e9berg\u00e9s sur la place de march\u00e9:&nbsp;<\/u><\/em><\/strong><\/p>\n\n\n\n<ul class=\"wp-block-list\"><li><strong><u>Kiosques virtuels (jusqu&#8217;\u00e0 100 exposants)<\/u><\/strong><\/li><\/ul>\n\n\n\n<p class=\"has-very-dark-black-color has-text-color\">Le stand virtuel sera un espace au sein du plus grand march\u00e9 virtuel.&nbsp;L&#8217;objectif est de partager des informations et de susciter l&#8217;int\u00e9r\u00eat sur les projets, initiatives, technologies et politiques d&#8217;\u00e9nergie verte, etc. Une vari\u00e9t\u00e9 d&#8217;actifs peut \u00eatre affich\u00e9e.&nbsp;Ceux-ci incluent le texte statique, les logos, les banni\u00e8res, la vid\u00e9o et m\u00eame Chabot.&nbsp;Le stand virtuel sera bas\u00e9 sur le mod\u00e8le \u00abSwapcard\u00bb.&nbsp;Le participant pourra dialoguer directement avec l&#8217;exposant.&nbsp;Les conversations peuvent \u00eatre instantan\u00e9es, un formulaire de contact ou simplement \u00eatre un lien.&nbsp;Il sera possible via le stand virtuel pour les exposants d&#8217;h\u00e9berger des discussions en direct ou des d\u00e9mos.<\/p>\n\n\n\n<p class=\"has-very-dark-black-color has-text-color\">Voici quelques-unes des fonctionnalit\u00e9s qui seront propos\u00e9es, chaque exposant pourra construire intuitivement son propre stand:<\/p>\n\n\n\n<ul class=\"wp-block-list\"><li>Cabines d&#8217;essai et cabines en direct<\/li><li>Fonctions de recherche pour localiser les stands<\/li><li>Outils de veille \u00e9conomique<\/li><li>Les exposants pourront placer les logos de leur entreprise \/ organisation sur les stands;&nbsp;fournir leurs propres photos de stand;&nbsp;et t\u00e9l\u00e9chargez facilement des vid\u00e9os, des photos et des documents<\/li><li>Le chat en cabine et la fonction de chat vid\u00e9o seront disponibles<\/li><\/ul>\n\n\n\n<p class=\"has-very-dark-black-color has-text-color\">Des directives et des didacticiels vid\u00e9o \u00e9tape par \u00e9tape seront fournis aux exposants potentiels ainsi qu&#8217;une assistance en temps r\u00e9el pour la pr\u00e9paration des stands de la marketplace.&nbsp;Un certain nombre de r\u00e9unions de formation en ligne seront organis\u00e9es avec les sponsors et groupes d&#8217;exposants pour les aider \u00e0 pr\u00e9parer leur mat\u00e9riel en ligne.<\/p>\n\n\n\n<ul class=\"wp-block-list\"><li><strong><u>B2B \/ B2G \/ G2G<\/u><\/strong><\/li><\/ul>\n\n\n\n<p class=\"has-very-dark-black-color has-text-color\">Tous les participants qui souhaitent organiser des r\u00e9unions bilat\u00e9rales ou multigroupes (jusqu&#8217;\u00e0 dix participants) pourront le faire, en utilisant une fonction de r\u00e9servation de salles de r\u00e9union avec interaction virtuelle en face \u00e0 face.&nbsp;Swapcard utilise l&#8217;IA pour stimuler le jumelage, connecter les utilisateurs aux personnes les plus pertinentes en fonction de leurs profils et cr\u00e9er des parcours d&#8217;\u00e9v\u00e9nements personnalis\u00e9s.&nbsp;Au cours du processus d&#8217;inscription initial, une base de donn\u00e9es de march\u00e9 virtuel sera cr\u00e9\u00e9e, dans laquelle les participants pourront rechercher les \u00e9l\u00e9ments suivants:<\/p>\n\n\n\n<ul class=\"wp-block-list\"><li>Recherche de contacts par cat\u00e9gories (secteurs, pays, industrie, etc.)<\/li><li>Fonction de recherche avec un algorithme de recherche large permettant la recherche d&#8217;entreprises et d&#8217;individus, de pays \/ sous-r\u00e9gion, de cat\u00e9gories, de sujets, d&#8217;int\u00e9r\u00eats et d&#8217;autres domaines pertinents et d&#8217;investisseurs et de promoteurs de mise en relation<\/li><\/ul>\n\n\n\n<p class=\"has-very-dark-black-color has-text-color\">Gr\u00e2ce \u00e0 cette plate-forme de r\u00e9seautage, les participants pourront se rencontrer, pr\u00e9senter des projets et des id\u00e9es, rechercher des partenaires techniques et des partenaires financiers, \u00e9tablir des liens avec des partenaires de d\u00e9veloppement et des institutions financi\u00e8res.&nbsp;La plateforme sera construite de mani\u00e8re \u00e0 permettre une flexibilit\u00e9 pour s&#8217;adapter aux besoins des participants.<\/p>\n\n\n\n<ul class=\"wp-block-list\"><li><strong><u>R\u00e9unions parall\u00e8les, conf\u00e9rences et ateliers<\/u><\/strong><\/li><\/ul>\n\n\n\n<p class=\"has-very-dark-black-color has-text-color\">Le secteur priv\u00e9 europ\u00e9en et africain participant pourra organiser des r\u00e9unions parall\u00e8les, des conf\u00e9rences et des ateliers le 22 avril 2021.<\/p>\n\n\n\n<p><a href=\"http:\/\/adfi-ci.org\/wp-content\/uploads\/2021\/03\/PPT-for-stakeholder-meeting-v4.pdf\"><strong>T\u00e9l\u00e9chargez PPT pour la r\u00e9union des parties prenantes v4<\/strong><\/a><\/p>","protected":false},"excerpt":{"rendered":"<p>Le discours vert de haut niveau s&#8217;inscrit dans la s\u00e9rie des discussions vertes organis\u00e9es par la&nbsp;pr\u00e9sidence portugaise du Conseil europ\u00e9en et aura lieu le 16 avril 2021&nbsp;.&nbsp;L&#8217;\u00e9v\u00e9nement sera le point culminant de ce roadshow comme conclusion de l&#8217;initiative.&nbsp;Il consistera en une table ronde entre des repr\u00e9sentants de haut niveau des commissions de l&#8217;UE et de [&hellip;]<\/p>\n","protected":false},"author":1,"featured_media":2201,"comment_status":"open","ping_status":"open","sticky":false,"template":"","format":"standard","meta":{"_acf_changed":false,"nf_dc_page":"","_eb_attr":"","_monsterinsights_skip_tracking":false,"_monsterinsights_sitenote_active":false,"_monsterinsights_sitenote_note":"","_monsterinsights_sitenote_category":0,"_uf_show_specific_survey":0,"_uf_disable_surveys":false,"site-sidebar-layout":"default","site-content-layout":"","ast-site-content-layout":"default","site-content-style":"default","site-sidebar-style":"default","ast-global-header-display":"","ast-banner-title-visibility":"","ast-main-header-display":"","ast-hfb-above-header-display":"","ast-hfb-below-header-display":"","ast-hfb-mobile-header-display":"","site-post-title":"","ast-breadcrumbs-content":"","ast-featured-img":"","footer-sml-layout":"","ast-disable-related-posts":"","theme-transparent-header-meta":"","adv-header-id-meta":"","stick-header-meta":"","header-above-stick-meta":"","header-main-stick-meta":"","header-below-stick-meta":"","astra-migrate-meta-layouts":"default","ast-page-background-enabled":"default","ast-page-background-meta":{"desktop":{"background-color":"var(--ast-global-color-4)","background-image":"","background-repeat":"repeat","background-position":"center center","background-size":"auto","background-attachment":"scroll","background-type":"","background-media":"","overlay-type":"","overlay-color":"","overlay-opacity":"","overlay-gradient":""},"tablet":{"background-color":"","background-image":"","background-repeat":"repeat","background-position":"center center","background-size":"auto","background-attachment":"scroll","background-type":"","background-media":"","overlay-type":"","overlay-color":"","overlay-opacity":"","overlay-gradient":""},"mobile":{"background-color":"","background-image":"","background-repeat":"repeat","background-position":"center center","background-size":"auto","background-attachment":"scroll","background-type":"","background-media":"","overlay-type":"","overlay-color":"","overlay-opacity":"","overlay-gradient":""}},"ast-content-background-meta":{"desktop":{"background-color":"var(--ast-global-color-5)","background-image":"","background-repeat":"repeat","background-position":"center center","background-size":"auto","background-attachment":"scroll","background-type":"","background-media":"","overlay-type":"","overlay-color":"","overlay-opacity":"","overlay-gradient":""},"tablet":{"background-color":"var(--ast-global-color-5)","background-image":"","background-repeat":"repeat","background-position":"center center","background-size":"auto","background-attachment":"scroll","background-type":"","background-media":"","overlay-type":"","overlay-color":"","overlay-opacity":"","overlay-gradient":""},"mobile":{"background-color":"var(--ast-global-color-5)","background-image":"","background-repeat":"repeat","background-position":"center center","background-size":"auto","background-attachment":"scroll","background-type":"","background-media":"","overlay-type":"","overlay-color":"","overlay-opacity":"","overlay-gradient":""}},"two_page_speed":[],"_jetpack_memberships_contains_paid_content":false,"footnotes":""},"categories":[25],"tags":[],"class_list":["post-2235","post","type-post","status-publish","format-standard","has-post-thumbnail","hentry","category-actualites-des-membres"],"acf":[],"aioseo_notices":[],"jetpack_featured_media_url":"","jetpack_sharing_enabled":true,"rttpg_featured_image_url":null,"rttpg_author":{"display_name":"AdmAADFI","author_link":"https:\/\/adfi-ci.org\/fr\/author\/admaadfi\/"},"rttpg_comment":0,"rttpg_category":"<a href=\"https:\/\/adfi-ci.org\/fr\/category\/actualites-des-membres\/\" rel=\"category tag\">Actualit\u00e9s des Membres<\/a>","rttpg_excerpt":"Le discours vert de haut niveau s&#8217;inscrit dans la s\u00e9rie des discussions vertes organis\u00e9es par la&nbsp;pr\u00e9sidence portugaise du Conseil europ\u00e9en et aura lieu le 16 avril 2021&nbsp;.&nbsp;L&#8217;\u00e9v\u00e9nement sera le point culminant de ce roadshow comme conclusion de l&#8217;initiative.&nbsp;Il consistera en une table ronde entre des repr\u00e9sentants de haut niveau des commissions de l&#8217;UE et de\u2026","_links":{"self":[{"href":"https:\/\/adfi-ci.org\/fr\/wp-json\/wp\/v2\/posts\/2235","targetHints":{"allow":["GET"]}}],"collection":[{"href":"https:\/\/adfi-ci.org\/fr\/wp-json\/wp\/v2\/posts"}],"about":[{"href":"https:\/\/adfi-ci.org\/fr\/wp-json\/wp\/v2\/types\/post"}],"author":[{"embeddable":true,"href":"https:\/\/adfi-ci.org\/fr\/wp-json\/wp\/v2\/users\/1"}],"replies":[{"embeddable":true,"href":"https:\/\/adfi-ci.org\/fr\/wp-json\/wp\/v2\/comments?post=2235"}],"version-history":[{"count":0,"href":"https:\/\/adfi-ci.org\/fr\/wp-json\/wp\/v2\/posts\/2235\/revisions"}],"wp:featuredmedia":[{"embeddable":true,"href":"https:\/\/adfi-ci.org\/fr\/wp-json\/"}],"wp:attachment":[{"href":"https:\/\/adfi-ci.org\/fr\/wp-json\/wp\/v2\/media?parent=2235"}],"wp:term":[{"taxonomy":"category","embeddable":true,"href":"https:\/\/adfi-ci.org\/fr\/wp-json\/wp\/v2\/categories?post=2235"},{"taxonomy":"post_tag","embeddable":true,"href":"https:\/\/adfi-ci.org\/fr\/wp-json\/wp\/v2\/tags?post=2235"}],"curies":[{"name":"wp","href":"https:\/\/api.w.org\/{rel}","templated":true}]}}